{"id":59,"date":"2022-05-12T18:57:17","date_gmt":"2022-05-12T16:57:17","guid":{"rendered":"https:\/\/paroisses-de-fegersheim-eschau-ohnheim-plobsheim.fr\/?p=59"},"modified":"2022-09-10T12:44:18","modified_gmt":"2022-09-10T10:44:18","slug":"charles-de-foucauld","status":"publish","type":"post","link":"https:\/\/paroisses-de-fegersheim-eschau-ohnheim-plobsheim.fr\/index.php\/2022\/05\/12\/charles-de-foucauld\/","title":{"rendered":"Charles de Foucauld"},"content":{"rendered":"<p>Le 15 mai 2022, le dioc\u00e8se de Strasbourg \u00e9tait en f\u00eate. Le Bienheureux Charles de Foucauld a \u00e9t\u00e9 canonis\u00e9 Place Saint-Pierre de Rome par le Pape Fran\u00e7ois. C\u2019est un grand motif de joie spirituelle pour toute l\u2019\u00c9glise. Charles de Foucauld \u00e9tant originaire de notre dioc\u00e8se, nous voulons nous associer \u00e0 cet \u00e9v\u00e8nement par notre pri\u00e8re.<br \/><a href=\"https:\/\/paroisses-de-fegersheim-eschau-ohnheim-plobsheim.fr\/wp-content\/uploads\/2022\/05\/DNA-220515-Charles-de-Foucauld.pdf\" target=\"_blank\" rel=\"noopener\">DNA 15 mai 2022 :Charles de Foucauld, le saint orientaliste alsacien<\/a><br \/><a href=\"https:\/\/paroisses-de-fegersheim-eschau-ohnheim-plobsheim.fr\/wp-content\/uploads\/2022\/05\/DNA-220515-Charles-de-Foucauld-2.pdf\" target=\"_blank\" rel=\"noopener\">Un \u00e9corch\u00e9 vif en qu\u00eate de radicalit\u00e9&#8230;<\/a><\/p>\n\n\n<p><\/p>\n","protected":false},"excerpt":{"rendered":"<p>Le 15 mai 2022, le dioc\u00e8se de Strasbourg \u00e9tait en f\u00eate. Le Bienheureux Charles de Foucauld a \u00e9t\u00e9 canonis\u00e9 Place Saint-Pierre de Rome par le Pape Fran\u00e7ois. C\u2019est un grand motif de joie spirituelle pour toute l\u2019\u00c9glise. Charles de Foucauld \u00e9tant originaire de notre dioc\u00e8se, nous voulons nous associer \u00e0 cet \u00e9v\u00e8nement par notre pri\u00e8re.DNA [&hellip;]<\/p>\n","protected":false},"author":1,"featured_media":0,"comment_status":"closed","ping_status":"open","sticky":false,"template":"","format":"standard","meta":{"iawp_total_views":0,"footnotes":""},"categories":[1],"tags":[],"class_list":["post-59","post","type-post","status-publish","format-standard","hentry","category-non-classe"],"_links":{"self":[{"href":"https:\/\/paroisses-de-fegersheim-eschau-ohnheim-plobsheim.fr\/index.php\/wp-json\/wp\/v2\/posts\/59","targetHints":{"allow":["GET"]}}],"collection":[{"href":"https:\/\/paroisses-de-fegersheim-eschau-ohnheim-plobsheim.fr\/index.php\/wp-json\/wp\/v2\/posts"}],"about":[{"href":"https:\/\/paroisses-de-fegersheim-eschau-ohnheim-plobsheim.fr\/index.php\/wp-json\/wp\/v2\/types\/post"}],"author":[{"embeddable":true,"href":"https:\/\/paroisses-de-fegersheim-eschau-ohnheim-plobsheim.fr\/index.php\/wp-json\/wp\/v2\/users\/1"}],"replies":[{"embeddable":true,"href":"https:\/\/paroisses-de-fegersheim-eschau-ohnheim-plobsheim.fr\/index.php\/wp-json\/wp\/v2\/comments?post=59"}],"version-history":[{"count":4,"href":"https:\/\/paroisses-de-fegersheim-eschau-ohnheim-plobsheim.fr\/index.php\/wp-json\/wp\/v2\/posts\/59\/revisions"}],"predecessor-version":[{"id":1002,"href":"https:\/\/paroisses-de-fegersheim-eschau-ohnheim-plobsheim.fr\/index.php\/wp-json\/wp\/v2\/posts\/59\/revisions\/1002"}],"wp:attachment":[{"href":"https:\/\/paroisses-de-fegersheim-eschau-ohnheim-plobsheim.fr\/index.php\/wp-json\/wp\/v2\/media?parent=59"}],"wp:term":[{"taxonomy":"category","embeddable":true,"href":"https:\/\/paroisses-de-fegersheim-eschau-ohnheim-plobsheim.fr\/index.php\/wp-json\/wp\/v2\/categories?post=59"},{"taxonomy":"post_tag","embeddable":true,"href":"https:\/\/paroisses-de-fegersheim-eschau-ohnheim-plobsheim.fr\/index.php\/wp-json\/wp\/v2\/tags?post=59"}],"curies":[{"name":"wp","href":"https:\/\/api.w.org\/{rel}","templated":true}]}}