{"id":3781,"date":"2025-09-14T21:00:11","date_gmt":"2025-09-14T19:00:11","guid":{"rendered":"https:\/\/paroisses-de-fegersheim-eschau-ohnheim-plobsheim.fr\/?p=3781"},"modified":"2025-09-14T21:00:19","modified_gmt":"2025-09-14T19:00:19","slug":"photos-messe-de-rentree","status":"publish","type":"post","link":"https:\/\/paroisses-de-fegersheim-eschau-ohnheim-plobsheim.fr\/index.php\/2025\/09\/14\/photos-messe-de-rentree\/","title":{"rendered":"Photos Messe de rentr\u00e9e"},"content":{"rendered":"<p><a href=\"https:\/\/paroisses-de-fegersheim-eschau-ohnheim-plobsheim.fr\/index.php\/bwg_gallery\/14-septembre-2025-messe-de-rentree-eglise-de-ohnheim\/\">14 Septembre 2025 Messe de rentr\u00e9e \u00e0 l&rsquo;\u00e9glise de Ohnheim<\/a><\/p>\n","protected":false},"excerpt":{"rendered":"<p>14 Septembre 2025 Messe de rentr\u00e9e \u00e0 l&rsquo;\u00e9glise de Ohnheim<\/p>\n","protected":false},"author":4,"featured_media":0,"comment_status":"closed","ping_status":"open","sticky":false,"template":"","format":"standard","meta":{"iawp_total_views":82,"footnotes":""},"categories":[1],"tags":[],"class_list":["post-3781","post","type-post","status-publish","format-standard","hentry","category-non-classe"],"_links":{"self":[{"href":"https:\/\/paroisses-de-fegersheim-eschau-ohnheim-plobsheim.fr\/index.php\/wp-json\/wp\/v2\/posts\/3781","targetHints":{"allow":["GET"]}}],"collection":[{"href":"https:\/\/paroisses-de-fegersheim-eschau-ohnheim-plobsheim.fr\/index.php\/wp-json\/wp\/v2\/posts"}],"about":[{"href":"https:\/\/paroisses-de-fegersheim-eschau-ohnheim-plobsheim.fr\/index.php\/wp-json\/wp\/v2\/types\/post"}],"author":[{"embeddable":true,"href":"https:\/\/paroisses-de-fegersheim-eschau-ohnheim-plobsheim.fr\/index.php\/wp-json\/wp\/v2\/users\/4"}],"replies":[{"embeddable":true,"href":"https:\/\/paroisses-de-fegersheim-eschau-ohnheim-plobsheim.fr\/index.php\/wp-json\/wp\/v2\/comments?post=3781"}],"version-history":[{"count":1,"href":"https:\/\/paroisses-de-fegersheim-eschau-ohnheim-plobsheim.fr\/index.php\/wp-json\/wp\/v2\/posts\/3781\/revisions"}],"predecessor-version":[{"id":3782,"href":"https:\/\/paroisses-de-fegersheim-eschau-ohnheim-plobsheim.fr\/index.php\/wp-json\/wp\/v2\/posts\/3781\/revisions\/3782"}],"wp:attachment":[{"href":"https:\/\/paroisses-de-fegersheim-eschau-ohnheim-plobsheim.fr\/index.php\/wp-json\/wp\/v2\/media?parent=3781"}],"wp:term":[{"taxonomy":"category","embeddable":true,"href":"https:\/\/paroisses-de-fegersheim-eschau-ohnheim-plobsheim.fr\/index.php\/wp-json\/wp\/v2\/categories?post=3781"},{"taxonomy":"post_tag","embeddable":true,"href":"https:\/\/paroisses-de-fegersheim-eschau-ohnheim-plobsheim.fr\/index.php\/wp-json\/wp\/v2\/tags?post=3781"}],"curies":[{"name":"wp","href":"https:\/\/api.w.org\/{rel}","templated":true}]}}