{"id":2313,"date":"2023-10-12T17:00:07","date_gmt":"2023-10-12T15:00:07","guid":{"rendered":"https:\/\/paroisses-de-fegersheim-eschau-ohnheim-plobsheim.fr\/?p=2313"},"modified":"2023-10-12T17:00:37","modified_gmt":"2023-10-12T15:00:37","slug":"recital-jean-sebastien-bach-par-le-pere-jean-sebastien-lavens","status":"publish","type":"post","link":"https:\/\/paroisses-de-fegersheim-eschau-ohnheim-plobsheim.fr\/index.php\/2023\/10\/12\/recital-jean-sebastien-bach-par-le-pere-jean-sebastien-lavens\/","title":{"rendered":"R\u00e9cital Jean-S\u00e9bastien BACH par le p\u00e8re Jean S\u00e9bastien LAVENS"},"content":{"rendered":"<p>Concert d&rsquo;orgue le 10 septembre 16h \u00e0 l&rsquo;\u00e9glise de Fegersheim<\/p>\n<p><a href=\"https:\/\/www.youtube.com\/watch?v=4wI5j-oxElo\" target=\"_blank\" rel=\"noopener\">Retrouvez le concert sur Youtube&#8230;<\/a><\/p>\n","protected":false},"excerpt":{"rendered":"<p>Concert d&rsquo;orgue le 10 septembre 16h \u00e0 l&rsquo;\u00e9glise de Fegersheim Retrouvez le concert sur Youtube&#8230;<\/p>\n","protected":false},"author":1,"featured_media":0,"comment_status":"closed","ping_status":"open","sticky":false,"template":"","format":"standard","meta":{"iawp_total_views":33,"footnotes":""},"categories":[1],"tags":[],"class_list":["post-2313","post","type-post","status-publish","format-standard","hentry","category-non-classe"],"_links":{"self":[{"href":"https:\/\/paroisses-de-fegersheim-eschau-ohnheim-plobsheim.fr\/index.php\/wp-json\/wp\/v2\/posts\/2313","targetHints":{"allow":["GET"]}}],"collection":[{"href":"https:\/\/paroisses-de-fegersheim-eschau-ohnheim-plobsheim.fr\/index.php\/wp-json\/wp\/v2\/posts"}],"about":[{"href":"https:\/\/paroisses-de-fegersheim-eschau-ohnheim-plobsheim.fr\/index.php\/wp-json\/wp\/v2\/types\/post"}],"author":[{"embeddable":true,"href":"https:\/\/paroisses-de-fegersheim-eschau-ohnheim-plobsheim.fr\/index.php\/wp-json\/wp\/v2\/users\/1"}],"replies":[{"embeddable":true,"href":"https:\/\/paroisses-de-fegersheim-eschau-ohnheim-plobsheim.fr\/index.php\/wp-json\/wp\/v2\/comments?post=2313"}],"version-history":[{"count":1,"href":"https:\/\/paroisses-de-fegersheim-eschau-ohnheim-plobsheim.fr\/index.php\/wp-json\/wp\/v2\/posts\/2313\/revisions"}],"predecessor-version":[{"id":2314,"href":"https:\/\/paroisses-de-fegersheim-eschau-ohnheim-plobsheim.fr\/index.php\/wp-json\/wp\/v2\/posts\/2313\/revisions\/2314"}],"wp:attachment":[{"href":"https:\/\/paroisses-de-fegersheim-eschau-ohnheim-plobsheim.fr\/index.php\/wp-json\/wp\/v2\/media?parent=2313"}],"wp:term":[{"taxonomy":"category","embeddable":true,"href":"https:\/\/paroisses-de-fegersheim-eschau-ohnheim-plobsheim.fr\/index.php\/wp-json\/wp\/v2\/categories?post=2313"},{"taxonomy":"post_tag","embeddable":true,"href":"https:\/\/paroisses-de-fegersheim-eschau-ohnheim-plobsheim.fr\/index.php\/wp-json\/wp\/v2\/tags?post=2313"}],"curies":[{"name":"wp","href":"https:\/\/api.w.org\/{rel}","templated":true}]}}