{"id":1895,"date":"2023-07-18T21:12:01","date_gmt":"2023-07-18T19:12:01","guid":{"rendered":"https:\/\/paroisses-de-fegersheim-eschau-ohnheim-plobsheim.fr\/?p=1895"},"modified":"2023-07-18T21:17:51","modified_gmt":"2023-07-18T19:17:51","slug":"offrande-annuelle-2023-contribuez-a-la-vie-materielle-de-votre-paroisse","status":"publish","type":"post","link":"https:\/\/paroisses-de-fegersheim-eschau-ohnheim-plobsheim.fr\/index.php\/2023\/07\/18\/offrande-annuelle-2023-contribuez-a-la-vie-materielle-de-votre-paroisse\/","title":{"rendered":"OFFRANDE ANNUELLE 2023 : contribuez \u00e0 la vie mat\u00e9rielle de votre paroisse."},"content":{"rendered":"<p>Nous faisons appel \u00e0 votre g\u00e9n\u00e9rosit\u00e9 pour le chauffage, l&rsquo;\u00e9lectricit\u00e9, l&rsquo;assurance, l&rsquo;entretien et le fleurissement de l&rsquo;\u00e9glise, mais aussi en vue de sa restauration int\u00e9rieure.<\/p>\n<p>Votre don en esp\u00e8ces ou par ch\u00e8que peut \u00eatre d\u00e9pos\u00e9 dans la bo\u00eete aux lettres du presbyt\u00e8re, dans le panier de qu\u00eate lors de la c\u00e9l\u00e9bration dominicale ou \u00e0 tout autre moment selon votre convenance.<\/p>\n<p>Il ouvre droit \u00e0 une d\u00e9duction fiscale dans la limite r\u00e9glementaire. Un re\u00e7u fiscal sera \u00e9tabli sur demande \u00e0 l&rsquo;aide du coupon de ce document : <a href=\"https:\/\/paroisses-de-fegersheim-eschau-ohnheim-plobsheim.fr\/wp-content\/uploads\/2023\/06\/Offrande-annuelle-2023.pdf\" target=\"_blank\" rel=\"noopener\">Offrande annuelle 2023<\/a><\/p>\n","protected":false},"excerpt":{"rendered":"<p>Nous faisons appel \u00e0 votre g\u00e9n\u00e9rosit\u00e9 pour le chauffage, l&rsquo;\u00e9lectricit\u00e9, l&rsquo;assurance, l&rsquo;entretien et le fleurissement de l&rsquo;\u00e9glise, mais aussi en vue de sa restauration int\u00e9rieure. Votre don en esp\u00e8ces ou par ch\u00e8que peut \u00eatre d\u00e9pos\u00e9 dans la bo\u00eete aux lettres du presbyt\u00e8re, dans le panier de qu\u00eate lors de la c\u00e9l\u00e9bration dominicale ou \u00e0 tout [&hellip;]<\/p>\n","protected":false},"author":1,"featured_media":0,"comment_status":"closed","ping_status":"open","sticky":false,"template":"","format":"standard","meta":{"iawp_total_views":19,"footnotes":""},"categories":[1],"tags":[],"class_list":["post-1895","post","type-post","status-publish","format-standard","hentry","category-non-classe"],"_links":{"self":[{"href":"https:\/\/paroisses-de-fegersheim-eschau-ohnheim-plobsheim.fr\/index.php\/wp-json\/wp\/v2\/posts\/1895","targetHints":{"allow":["GET"]}}],"collection":[{"href":"https:\/\/paroisses-de-fegersheim-eschau-ohnheim-plobsheim.fr\/index.php\/wp-json\/wp\/v2\/posts"}],"about":[{"href":"https:\/\/paroisses-de-fegersheim-eschau-ohnheim-plobsheim.fr\/index.php\/wp-json\/wp\/v2\/types\/post"}],"author":[{"embeddable":true,"href":"https:\/\/paroisses-de-fegersheim-eschau-ohnheim-plobsheim.fr\/index.php\/wp-json\/wp\/v2\/users\/1"}],"replies":[{"embeddable":true,"href":"https:\/\/paroisses-de-fegersheim-eschau-ohnheim-plobsheim.fr\/index.php\/wp-json\/wp\/v2\/comments?post=1895"}],"version-history":[{"count":1,"href":"https:\/\/paroisses-de-fegersheim-eschau-ohnheim-plobsheim.fr\/index.php\/wp-json\/wp\/v2\/posts\/1895\/revisions"}],"predecessor-version":[{"id":1896,"href":"https:\/\/paroisses-de-fegersheim-eschau-ohnheim-plobsheim.fr\/index.php\/wp-json\/wp\/v2\/posts\/1895\/revisions\/1896"}],"wp:attachment":[{"href":"https:\/\/paroisses-de-fegersheim-eschau-ohnheim-plobsheim.fr\/index.php\/wp-json\/wp\/v2\/media?parent=1895"}],"wp:term":[{"taxonomy":"category","embeddable":true,"href":"https:\/\/paroisses-de-fegersheim-eschau-ohnheim-plobsheim.fr\/index.php\/wp-json\/wp\/v2\/categories?post=1895"},{"taxonomy":"post_tag","embeddable":true,"href":"https:\/\/paroisses-de-fegersheim-eschau-ohnheim-plobsheim.fr\/index.php\/wp-json\/wp\/v2\/tags?post=1895"}],"curies":[{"name":"wp","href":"https:\/\/api.w.org\/{rel}","templated":true}]}}